{"id":890,"date":"2023-09-30T15:44:15","date_gmt":"2023-09-30T13:44:15","guid":{"rendered":"http:\/\/apostrofa.eu\/?p=890"},"modified":"2023-11-10T21:25:23","modified_gmt":"2023-11-10T19:25:23","slug":"promocja-tomu-przypowiesc-o-czasie","status":"publish","type":"post","link":"https:\/\/apostrofa.eu\/?p=890","title":{"rendered":"Promocja tomu &#8222;Przypowie\u015b\u0107 o czasie&#8221;"},"content":{"rendered":"<p><span style=\"color: #800080;\">28 wrze\u015bnia 2023 w nowo wyremontowanej, multimedialnej sali Ksi\u0105\u017cnicy Beskidzkiej mia\u0142a miejsce promocja najnowszego tomu poetyckiego \u201eApostrofy\u201d.<\/span><\/p>\n<p>Jak pisze we wst\u0119pie przewodnicz\u0105ca grupy, Krystyna Krzy\u017canowska-Nastulczyk, \u201eantologia pt. <span style=\"color: #800080;\"><strong><em>Przypowie\u015b\u0107 o czasie<\/em><\/strong><\/span> jest kolejnym przedsi\u0119wzi\u0119ciem wydawniczym grupy literackiej <em>Apostrofa. <\/em>Wiersze z tej publikacji, to efekt pracy ludzi wra\u017cliwych, kreatywnych, barwnych i niebanalnych, kt\u00f3rzy potrafi\u0105 w trudnych czasach uchwyci\u0107 w swoich utworach niezwyk\u0142o\u015b\u0107 codziennego dnia.\u201e<\/p>\n<p>Znaczna cz\u0119\u015b\u0107 zawartych w tomie utwor\u00f3w powsta\u0142a w czasie pandemii, pierwszego lockdownu i izolacji a wi\u0119c w czasie bardzo trudnym dla nas wszystkich. Co znalaz\u0142o swoje odbicie w wierszach. Jednak, jak czytamy dalej we wst\u0119pie \u201emimo tych ci\u0119\u017ckich dla nas lat grupa literacka Apostrofa nie przerwa\u0142a cyklicznych spotka\u0144\u00a0 w kawiarniach, pubach, bibliotekach, by czyta\u0107 wiersze, dyskutowa\u0107 o poezji.\u201d Co wi\u0119cej, grupa si\u0119 rozrasta. W tym roku do\u0142\u0105czyli do nas Janusz Joniec, Ma\u0142gorzata Mittelstadt oraz Alicja Chlebicka.<\/p>\n<p>Promocja zbioru by\u0142a nie tylko okazj\u0105 do zapoznania si\u0119 z najnowsz\u0105 tw\u00f3rczo\u015bci\u0105 grupy, ale\u00a0 i do przypomnienia jej d\u0142ugiej i bogatej historii. Historii nieod\u0142\u0105cznie zwi\u0105zanej z bielskim Klubem Nauczyciela. Wspominano nasze nieod\u017ca\u0142owanej pami\u0119ci kole\u017canki: Barbar\u0119 Nowick\u0105, kt\u00f3ra by\u0142a wieloletni\u0105 kierowniczk\u0105 Klubu a sercem \u201eApostrofy\u201d oraz Weronik\u0119 Grabsk\u0105-Martyniak, przewodnicz\u0105c\u0105 grupy. Wspominaj\u0105c ich dorobek mamy nies\u0142abn\u0105c\u0105 nadziej\u0119, \u017ce przed\u0142u\u017caj\u0105cy si\u0119 remont Klubu w ko\u0144cu si\u0119 sko\u0144czy i powr\u00f3cimy w jego go\u015bcinne progi.<\/p>\n<p>Wiersz autorstwa Barbary Beliczy\u0144skiej z najnowszej antologii \u201eApostrofy\u201d.<\/p>\n<p style=\"margin: 0cm; margin-bottom: .0001pt;\"><strong>Tu i teraz<\/strong><\/p>\n<p style=\"margin: 0cm; margin-bottom: .0001pt;\"><span style=\"color: #339966;\">W \u015bwiecie wirtualnym<\/span><\/p>\n<p style=\"margin: 0cm; margin-bottom: .0001pt;\"><span style=\"color: #339966;\">bywamy dzisiaj ch\u0119tnie<\/span><\/p>\n<p style=\"margin: 0cm; margin-bottom: .0001pt;\"><span style=\"color: #339966;\">cz\u0119sto gubi\u0105c cechy cz\u0142owieka<\/span><\/p>\n<p style=\"margin: 0cm; margin-bottom: .0001pt;\"><span style=\"color: #339966;\">cenione w \u015bwiecie realnym<\/span><\/p>\n<p style=\"margin: 0cm; margin-bottom: .0001pt;\"><span style=\"color: #339966;\">Oddzieleni i po\u0142\u0105czeni ekranem<\/span><\/p>\n<p style=\"margin: 0cm; margin-bottom: .0001pt;\"><span style=\"color: #339966;\">laptop\u00f3w, komputer\u00f3w<\/span><\/p>\n<p style=\"margin: 0cm; margin-bottom: .0001pt;\"><span style=\"color: #339966;\">znamy si\u0119 tylko z widzenia<\/span><\/p>\n<p style=\"margin: 0cm; margin-bottom: .0001pt;\"><span style=\"color: #339966;\">Egoizm przes\u0142ania przyja\u017a\u0144<\/span><\/p>\n<p style=\"margin: 0cm; margin-bottom: .0001pt;\"><span style=\"color: #339966;\">oboj\u0119tno\u015b\u0107, wra\u017cliwo\u015b\u0107 rani<\/span><\/p>\n<p style=\"margin: 0cm; margin-bottom: .0001pt;\"><span style=\"color: #339966;\">znieczulica ogarnia ludzi<\/span><\/p>\n<p style=\"margin: 0cm; margin-bottom: .0001pt;\"><span style=\"color: #339966;\">agresja \u015bmieje si\u0119 z prawa<\/span><\/p>\n<p style=\"margin: 0cm; margin-bottom: .0001pt;\"><span style=\"color: #339966;\">bo znamy si\u0119 tylko z widzenia<\/span><\/p>\n<p style=\"margin: 0cm; margin-bottom: .0001pt;\"><span style=\"color: #339966;\">Oddzieleni i po\u0142\u0105czeni ekranem<\/span><\/p>\n<p style=\"margin: 0cm; margin-bottom: .0001pt;\"><span style=\"color: #339966;\">Ruch palca, dotyk klawisza<\/span><\/p>\n<p style=\"margin: 0cm; margin-bottom: .0001pt;\"><span style=\"color: #339966;\">decyduj\u0105 o rozmowie i jej czasie<\/span><\/p>\n<p style=\"margin: 0cm; margin-bottom: .0001pt;\"><span style=\"color: #339966;\">Ju\u017c nie brak nam u\u015bcisku r\u0105k<\/span><\/p>\n<p style=\"margin: 0cm; margin-bottom: .0001pt;\"><span style=\"color: #339966;\">serdecznych spojrze\u0144<\/span><\/p>\n<p style=\"margin: 0cm; margin-bottom: .0001pt;\"><span style=\"color: #339966;\">mi\u0142ych szept\u00f3w do ucha<\/span><\/p>\n<p style=\"margin: 0cm; margin-bottom: .0001pt;\"><span style=\"color: #339966;\">szczerych rozm\u00f3w z \u0142ezk\u0105 w oku.<\/span><\/p>\n<p style=\"margin: 0cm; margin-bottom: .0001pt;\"><span style=\"color: #339966;\">Milczenia osoby kt\u00f3ra<\/span><\/p>\n<p style=\"margin: 0cm; margin-bottom: .0001pt;\"><span style=\"color: #339966;\">cierpliwie s\u0142ucha bo<\/span><\/p>\n<p style=\"margin: 0cm; margin-bottom: .0001pt;\"><span style=\"color: #339966;\">Znamy si\u0119 tylko z widzenia<\/span><\/p>\n<p style=\"margin: 0cm; margin-bottom: .0001pt;\"><span style=\"color: #339966;\">Oddzieleni i po\u0142\u0105czeni ekranem<\/span><\/p>\n<p style=\"margin: 0cm; margin-bottom: .0001pt;\"><span style=\"color: #339966;\">stajemy si\u0119 dalekimi dla naszych bliskich<\/span><\/p>\n<p style=\"margin: 0cm; margin-bottom: .0001pt;\"><span style=\"color: #339966;\">Osamotnieni w tym wirtualnym \u015bwiecie<\/span><\/p>\n<p style=\"margin: 0cm; margin-bottom: .0001pt;\"><span style=\"color: #339966;\">PANDEMII<\/span><\/p>\n<p style=\"margin: 0cm; margin-bottom: .0001pt;\">grudzie\u0144, 2020<\/p>\n<div id=\"attachment_891\" style=\"width: 650px\" class=\"wp-caption alignleft\"><img loading=\"lazy\" decoding=\"async\" aria-describedby=\"caption-attachment-891\" class=\"wp-image-891 size-large\" src=\"http:\/\/apostrofa.eu\/wp-content\/uploads\/2023\/09\/P9280810-1024x768.jpg\" alt=\"\" width=\"640\" height=\"480\" srcset=\"https:\/\/apostrofa.eu\/wp-content\/uploads\/2023\/09\/P9280810-1024x768.jpg 1024w, https:\/\/apostrofa.eu\/wp-content\/uploads\/2023\/09\/P9280810-300x225.jpg 300w, https:\/\/apostrofa.eu\/wp-content\/uploads\/2023\/09\/P9280810-768x576.jpg 768w\" sizes=\"auto, (max-width: 640px) 100vw, 640px\" \/><p id=\"caption-attachment-891\" class=\"wp-caption-text\">Grupa literacka \u201eApostrofa\u201d w niemal kompletnym sk\u0142adzie. Od lewej w pierwszy rz\u0119dzie: Krystyna Krzy\u017canowska-Nastulczyk, Lida Boba, Janina Pieni\u0105\u017cek \u201eJagoda\u201d, Stanis\u0142awa Kopaczka, Ma\u0142gorzata Pomorska. W drugim rz\u0119dzie od lewej: Barbara Beliczy\u0144ska, Alicja Chlebicka, Agnieszka Lubos, Ma\u0142gorzata Mittelstadt, Janusz Joniec. (fot. Konstancja Kubicka)<\/p><\/div>\n<div id=\"attachment_892\" style=\"width: 650px\" class=\"wp-caption alignright\"><img loading=\"lazy\" decoding=\"async\" aria-describedby=\"caption-attachment-892\" class=\"wp-image-892 size-large\" src=\"http:\/\/apostrofa.eu\/wp-content\/uploads\/2023\/09\/P9280808-1024x768.jpg\" alt=\"\" width=\"640\" height=\"480\" srcset=\"https:\/\/apostrofa.eu\/wp-content\/uploads\/2023\/09\/P9280808-1024x768.jpg 1024w, https:\/\/apostrofa.eu\/wp-content\/uploads\/2023\/09\/P9280808-300x225.jpg 300w, https:\/\/apostrofa.eu\/wp-content\/uploads\/2023\/09\/P9280808-768x576.jpg 768w\" sizes=\"auto, (max-width: 640px) 100vw, 640px\" \/><p id=\"caption-attachment-892\" class=\"wp-caption-text\">Krystyna Krzy\u017canowska-Nastulczyk prezentuje dorobek grupy podczas promocji w Ksi\u0105\u017cnicy Beskidzkiej. (fot. Konstancja Kubicka)<\/p><\/div>\n<div id=\"attachment_893\" style=\"width: 650px\" class=\"wp-caption alignleft\"><img loading=\"lazy\" decoding=\"async\" aria-describedby=\"caption-attachment-893\" class=\"wp-image-893 size-large\" src=\"http:\/\/apostrofa.eu\/wp-content\/uploads\/2023\/09\/P9280766-1024x768.jpg\" alt=\"\" width=\"640\" height=\"480\" srcset=\"https:\/\/apostrofa.eu\/wp-content\/uploads\/2023\/09\/P9280766-1024x768.jpg 1024w, https:\/\/apostrofa.eu\/wp-content\/uploads\/2023\/09\/P9280766-300x225.jpg 300w, https:\/\/apostrofa.eu\/wp-content\/uploads\/2023\/09\/P9280766-768x576.jpg 768w\" sizes=\"auto, (max-width: 640px) 100vw, 640px\" \/><p id=\"caption-attachment-893\" class=\"wp-caption-text\">Promocja tomu \u201eApostrofy\u201d. W pierwszy rz\u0105dzie siedz\u0105 cz\u0142onkinie grupy. Od lewej: Ma\u0142gorzata Mittelstad i Alicja Chlebicka oraz nestorka grupy, Stanis\u0142awa Kopaczka. (fot. Konstancja Kubicka)<\/p><\/div>\n<div id=\"attachment_894\" style=\"width: 650px\" class=\"wp-caption alignright\"><img loading=\"lazy\" decoding=\"async\" aria-describedby=\"caption-attachment-894\" class=\"wp-image-894 size-large\" src=\"http:\/\/apostrofa.eu\/wp-content\/uploads\/2023\/09\/P9280746-1024x768.jpg\" alt=\"\" width=\"640\" height=\"480\" srcset=\"https:\/\/apostrofa.eu\/wp-content\/uploads\/2023\/09\/P9280746-1024x768.jpg 1024w, https:\/\/apostrofa.eu\/wp-content\/uploads\/2023\/09\/P9280746-300x225.jpg 300w, https:\/\/apostrofa.eu\/wp-content\/uploads\/2023\/09\/P9280746-768x576.jpg 768w\" sizes=\"auto, (max-width: 640px) 100vw, 640px\" \/><p id=\"caption-attachment-894\" class=\"wp-caption-text\">Najnowszy tom poetycki bielskiej grupy literackiej \u201eApostrofa\u201d mia\u0142 swoj\u0105 promocj\u0119 w gmachu g\u0142\u00f3wnym Ksi\u0105\u017cnicy Beskidzkiej. fot. Konstancja Kubicka<\/p><\/div>\n<div id=\"attachment_895\" style=\"width: 650px\" class=\"wp-caption alignleft\"><img loading=\"lazy\" decoding=\"async\" aria-describedby=\"caption-attachment-895\" class=\"wp-image-895 size-large\" src=\"http:\/\/apostrofa.eu\/wp-content\/uploads\/2023\/09\/P9280711-1024x768.jpg\" alt=\"\" width=\"640\" height=\"480\" srcset=\"https:\/\/apostrofa.eu\/wp-content\/uploads\/2023\/09\/P9280711-1024x768.jpg 1024w, https:\/\/apostrofa.eu\/wp-content\/uploads\/2023\/09\/P9280711-300x225.jpg 300w, https:\/\/apostrofa.eu\/wp-content\/uploads\/2023\/09\/P9280711-768x576.jpg 768w\" sizes=\"auto, (max-width: 640px) 100vw, 640px\" \/><p id=\"caption-attachment-895\" class=\"wp-caption-text\">Agnieszka Lubos czyta swoje wiersze podczas promocji antologii &#8222;Przypowie\u015b\u0107 o czasie&#8221;. (fot. Konstancja Kubicka)<\/p><\/div>\n<div id=\"attachment_896\" style=\"width: 650px\" class=\"wp-caption alignright\"><img loading=\"lazy\" decoding=\"async\" aria-describedby=\"caption-attachment-896\" class=\"wp-image-896 size-large\" src=\"http:\/\/apostrofa.eu\/wp-content\/uploads\/2023\/09\/P9280601-1024x768.jpg\" alt=\"\" width=\"640\" height=\"480\" srcset=\"https:\/\/apostrofa.eu\/wp-content\/uploads\/2023\/09\/P9280601-1024x768.jpg 1024w, https:\/\/apostrofa.eu\/wp-content\/uploads\/2023\/09\/P9280601-300x225.jpg 300w, https:\/\/apostrofa.eu\/wp-content\/uploads\/2023\/09\/P9280601-768x576.jpg 768w\" sizes=\"auto, (max-width: 640px) 100vw, 640px\" \/><p id=\"caption-attachment-896\" class=\"wp-caption-text\">Barbara Beliczy\u0144ska czyta sw\u00f3j utw\u00f3r pt. &#8222;Tu i teraz&#8221;. fot. Konstancja Kubicka<\/p><\/div>\n<div id=\"attachment_897\" style=\"width: 650px\" class=\"wp-caption alignleft\"><img loading=\"lazy\" decoding=\"async\" aria-describedby=\"caption-attachment-897\" class=\"wp-image-897 size-large\" src=\"http:\/\/apostrofa.eu\/wp-content\/uploads\/2023\/09\/P9280563-1024x768.jpg\" alt=\"\" width=\"640\" height=\"480\" srcset=\"https:\/\/apostrofa.eu\/wp-content\/uploads\/2023\/09\/P9280563-1024x768.jpg 1024w, https:\/\/apostrofa.eu\/wp-content\/uploads\/2023\/09\/P9280563-300x225.jpg 300w, https:\/\/apostrofa.eu\/wp-content\/uploads\/2023\/09\/P9280563-768x576.jpg 768w\" sizes=\"auto, (max-width: 640px) 100vw, 640px\" \/><p id=\"caption-attachment-897\" class=\"wp-caption-text\">Promocja zbioru poetyckiego \u201eApostrofy\u201d w gmachu Ksi\u0105\u017cnicy Beskidzkiej. W pierwszym rz\u0119dzie od lewej siedz\u0105 cz\u0142onkinie grupy\u201d: Barbara Beliczy\u0144ska, Ma\u0142gorzata Pomorska i Lidia Boba. (fot. Konstancja Kubicka)<\/p><\/div>\n<div id=\"attachment_898\" style=\"width: 650px\" class=\"wp-caption alignright\"><img loading=\"lazy\" decoding=\"async\" aria-describedby=\"caption-attachment-898\" class=\"wp-image-898 size-large\" src=\"http:\/\/apostrofa.eu\/wp-content\/uploads\/2023\/09\/P9280530-1024x768.jpg\" alt=\"\" width=\"640\" height=\"480\" srcset=\"https:\/\/apostrofa.eu\/wp-content\/uploads\/2023\/09\/P9280530-1024x768.jpg 1024w, https:\/\/apostrofa.eu\/wp-content\/uploads\/2023\/09\/P9280530-300x225.jpg 300w, https:\/\/apostrofa.eu\/wp-content\/uploads\/2023\/09\/P9280530-768x576.jpg 768w\" sizes=\"auto, (max-width: 640px) 100vw, 640px\" \/><p id=\"caption-attachment-898\" class=\"wp-caption-text\">Od lewej: Krystyna Krzy\u017canowska-Nastulczyk oraz Agnieszka Lubos w trakcie promocji tomu &#8222;Apostrofy&#8221; w Ksi\u0105\u017cnicy Beskidzkiej. fot. Konstancja Kubicka<\/p><\/div>\n","protected":false},"excerpt":{"rendered":"<p>28 wrze\u015bnia 2023 w nowo wyremontowanej, multimedialnej sali Ksi\u0105\u017cnicy Beskidzkiej mia\u0142a miejsce promocja najnowszego tomu poetyckiego \u201eApostrofy\u201d. Jak pisze we wst\u0119pie przewodnicz\u0105ca grupy, Krystyna Krzy\u017canowska-Nastulczyk, \u201eantologia pt. Przypowie\u015b\u0107 o czasie jest kolejnym przedsi\u0119wzi\u0119ciem wydawniczym grupy literackiej Apostrofa. Wiersze z tej &hellip; <a href=\"https:\/\/apostrofa.eu\/?p=890\">Czytaj dalej <span class=\"meta-nav\">&rarr;<\/span><\/a><\/p>\n","protected":false},"author":1,"featured_media":0,"comment_status":"open","ping_status":"open","sticky":false,"template":"","format":"standard","meta":{"footnotes":""},"categories":[7],"tags":[40,39,41,38,24,37,5],"class_list":["post-890","post","type-post","status-publish","format-standard","hentry","category-artykuly","tag-przypowiesc-o-czasie","tag-antologia","tag-ksiaznica-beskidzka","tag-nowy-tomik","tag-poezja","tag-promocja","tag-wiersze"],"_links":{"self":[{"href":"https:\/\/apostrofa.eu\/index.php?rest_route=\/wp\/v2\/posts\/890","targetHints":{"allow":["GET"]}}],"collection":[{"href":"https:\/\/apostrofa.eu\/index.php?rest_route=\/wp\/v2\/posts"}],"about":[{"href":"https:\/\/apostrofa.eu\/index.php?rest_route=\/wp\/v2\/types\/post"}],"author":[{"embeddable":true,"href":"https:\/\/apostrofa.eu\/index.php?rest_route=\/wp\/v2\/users\/1"}],"replies":[{"embeddable":true,"href":"https:\/\/apostrofa.eu\/index.php?rest_route=%2Fwp%2Fv2%2Fcomments&post=890"}],"version-history":[{"count":5,"href":"https:\/\/apostrofa.eu\/index.php?rest_route=\/wp\/v2\/posts\/890\/revisions"}],"predecessor-version":[{"id":979,"href":"https:\/\/apostrofa.eu\/index.php?rest_route=\/wp\/v2\/posts\/890\/revisions\/979"}],"wp:attachment":[{"href":"https:\/\/apostrofa.eu\/index.php?rest_route=%2Fwp%2Fv2%2Fmedia&parent=890"}],"wp:term":[{"taxonomy":"category","embeddable":true,"href":"https:\/\/apostrofa.eu\/index.php?rest_route=%2Fwp%2Fv2%2Fcategories&post=890"},{"taxonomy":"post_tag","embeddable":true,"href":"https:\/\/apostrofa.eu\/index.php?rest_route=%2Fwp%2Fv2%2Ftags&post=890"}],"curies":[{"name":"wp","href":"https:\/\/api.w.org\/{rel}","templated":true}]}}