{"id":862,"date":"2023-09-18T21:56:06","date_gmt":"2023-09-18T19:56:06","guid":{"rendered":"http:\/\/apostrofa.eu\/?p=862"},"modified":"2023-11-10T21:29:17","modified_gmt":"2023-11-10T19:29:17","slug":"wrzesniowe-spotkanie-apostrofy-2","status":"publish","type":"post","link":"https:\/\/apostrofa.eu\/?p=862","title":{"rendered":"Wrze\u015bniowe spotkanie Apostrofy"},"content":{"rendered":"<p><a name=\"_GoBack\"><\/a><span style=\"color: #993300;\"> Na wrze\u015bniowym spotkaniu grupa literacka <strong>\u201eApostrofa\u201d<\/strong> szykowa\u0142a si\u0119 do promocji najnowszej ksi\u0105\u017cki poetyckiej. Ju\u017c <strong>28.09.2023 o godzinie 17.00 w \u201eKsi\u0105\u017cnicy Beskidzkiej\u201d<\/strong> b\u0119dzie mo\u017cna zapozna\u0107 si\u0119 z tomikiem pt. <strong>\u201ePrzypowie\u015b\u0107 o czasie\u201d<\/strong>. <span style=\"color: #ff6600;\"><em>Serdecznie zapraszamy!<\/em><\/span><\/span><\/p>\n<p>Tymczasem wydajemy indywidualne publikacje.<\/p>\n<p><strong>Janusz Joniec<\/strong> wyda\u0142 kolejny ju\u017c zbi\u00f3r wierszy. Na spotkaniu w bielskiej winiarni czyta\u0142 nam dwa utwory z tomu pt. <strong>\u201eBramy zadumy i nostalgii\u201d<\/strong> . By\u0142y to &#8222;Gdzie\u015b daleko z oddali&#8221; oraz &#8222;Kwiaty wojny&#8221;. Fragment tego ostatniego poni\u017cej:<\/p>\n<p style=\"margin: 0cm; margin-bottom: .0001pt;\">\u201e(\u2026) Kwiaty wojny kwitn\u0105 bardzo rzadko,<\/p>\n<p style=\"margin: 0cm; margin-bottom: .0001pt;\">ale jak\u017ce wyraziste posiadaj\u0105 p\u0105ki.<\/p>\n<p style=\"margin: 0cm; margin-bottom: .0001pt;\">Kwiaty wojny<\/p>\n<p style=\"margin: 0cm; margin-bottom: .0001pt;\">obumar\u0142y ju\u017c dawno,<\/p>\n<p style=\"margin: 0cm; margin-bottom: .0001pt;\">nie wypu\u015bciwszy m\u0142odych p\u0119d\u00f3w.<\/p>\n<p style=\"margin: 0cm; margin-bottom: .0001pt;\">Nie pozostawi\u0142y po sobie<\/p>\n<p style=\"margin: 0cm; margin-bottom: .0001pt;\">zapachu mi\u0142o\u015bci do wolno\u015bci,<\/p>\n<p style=\"margin: 0cm; margin-bottom: .0001pt;\">kolor\u00f3w honoru i po\u015bwi\u0119cenia. (\u2026)\u201d<\/p>\n<h4 style=\"margin: 0cm; margin-bottom: .0001pt;\">(\u201eKwiaty wojny\u201d Janusz Joniec)<\/h4>\n<p>&nbsp;<\/p>\n<p>Na spotkaniu <strong>Janina Pieni\u0105\u017cek \u201eJagoda\u201d<\/strong> prezentowa\u0142a nam swoje opracowanie zatytu\u0142owane <strong>\u201ePodr\u00f3\u017ce nieoczywiste\u201d<\/strong> po\u015bwi\u0119cone Jerozolimie. Bogato ilustrowane oryginalnymi, autorskimi kopiami obraz\u00f3w, grafik i szkic\u00f3w prowadzi czytelnika ulicami \u015awi\u0119tego Miasta \u201emi\u0119dzy s\u0142owami a obrazami\u201d (jak m\u00f3wi autorka). Zaiste, maluj\u0105c panoram\u0119 Jerozolimy, Janina Pieni\u0105\u017cek odby\u0142a nieoczywiste podr\u00f3\u017ce w czasie i przestrzeni, do kt\u00f3rych nas zaprasza, przypominaj\u0105c zarazem, \u017ce \u201e(\u2026) Jerozolima, ma swoj\u0105 g\u0142\u0119bok\u0105 smug\u0119 cienia\u201d.<\/p>\n<p>Nasza grupa si\u0119 rozrasta. Do \u201eApostrofy\u201d do\u0142\u0105czy\u0142a <strong>Alicja Chlebicka<\/strong>, kt\u00f3rej wiersz prezentujemy poni\u017cej:<\/p>\n<p>\u201ewiara\u201d<br \/>\nAlicja Chlebicka<\/p>\n<p>\u015bcielesz mnie pod sob\u0105<br \/>\nbogato oddycham<br \/>\noddycham nier\u00f3wno<br \/>\nw finale<br \/>\nzabawka wypada z r\u0105k<br \/>\nanielskie ch\u00f3ry<br \/>\nnie dla mnie<\/p>\n<div id=\"attachment_863\" style=\"width: 754px\" class=\"wp-caption alignnone\"><img loading=\"lazy\" decoding=\"async\" aria-describedby=\"caption-attachment-863\" class=\"wp-image-863 size-full\" title=\"Fot. Krystyna Krzy\u017canowska-Nastulczyk\" src=\"http:\/\/apostrofa.eu\/wp-content\/uploads\/2023\/09\/IMG_20230911_172521_resized_20230917_112915343.jpg\" alt=\"\" width=\"744\" height=\"992\" srcset=\"https:\/\/apostrofa.eu\/wp-content\/uploads\/2023\/09\/IMG_20230911_172521_resized_20230917_112915343.jpg 744w, https:\/\/apostrofa.eu\/wp-content\/uploads\/2023\/09\/IMG_20230911_172521_resized_20230917_112915343-225x300.jpg 225w\" sizes=\"auto, (max-width: 744px) 100vw, 744px\" \/><p id=\"caption-attachment-863\" class=\"wp-caption-text\">Od lewej: Agnieszka Lubos i Ma\u0142gorzata Pomorska (fot. Krystyna Krzy\u017canowska-Nastulczyk)<\/p><\/div>\n<div id=\"attachment_864\" style=\"width: 754px\" class=\"wp-caption alignnone\"><img loading=\"lazy\" decoding=\"async\" aria-describedby=\"caption-attachment-864\" class=\"wp-image-864 size-full\" src=\"http:\/\/apostrofa.eu\/wp-content\/uploads\/2023\/09\/IMG_20230911_175455_resized_20230917_112753891.jpg\" alt=\"\" width=\"744\" height=\"992\" srcset=\"https:\/\/apostrofa.eu\/wp-content\/uploads\/2023\/09\/IMG_20230911_175455_resized_20230917_112753891.jpg 744w, https:\/\/apostrofa.eu\/wp-content\/uploads\/2023\/09\/IMG_20230911_175455_resized_20230917_112753891-225x300.jpg 225w\" sizes=\"auto, (max-width: 744px) 100vw, 744px\" \/><p id=\"caption-attachment-864\" class=\"wp-caption-text\">Janina \u201eJagoda\u201d Pieni\u0105\u017cek prezentuje swoj\u0105 najnowsz\u0105 ksi\u0105\u017ck\u0119 pt. \u201ePodr\u00f3\u017ce nieoczywiste\u201d (fot. A. L.)<\/p><\/div>\n<div id=\"attachment_865\" style=\"width: 1994px\" class=\"wp-caption alignnone\"><img loading=\"lazy\" decoding=\"async\" aria-describedby=\"caption-attachment-865\" class=\"wp-image-865 size-full\" src=\"http:\/\/apostrofa.eu\/wp-content\/uploads\/2023\/09\/IMG_20230911_172439_resized_20230917_102346811.jpg\" alt=\"\" width=\"1984\" height=\"1488\" srcset=\"https:\/\/apostrofa.eu\/wp-content\/uploads\/2023\/09\/IMG_20230911_172439_resized_20230917_102346811.jpg 1984w, https:\/\/apostrofa.eu\/wp-content\/uploads\/2023\/09\/IMG_20230911_172439_resized_20230917_102346811-300x225.jpg 300w, https:\/\/apostrofa.eu\/wp-content\/uploads\/2023\/09\/IMG_20230911_172439_resized_20230917_102346811-768x576.jpg 768w, https:\/\/apostrofa.eu\/wp-content\/uploads\/2023\/09\/IMG_20230911_172439_resized_20230917_102346811-1024x768.jpg 1024w\" sizes=\"auto, (max-width: 1984px) 100vw, 1984px\" \/><p id=\"caption-attachment-865\" class=\"wp-caption-text\">Grupa literacka \u201eApostrofa\u201d szykuje si\u0119 do promocji swojego najnowszego zbiorczego tomiku. (fot. A. Lubos)<\/p><\/div>\n<div id=\"attachment_866\" style=\"width: 1994px\" class=\"wp-caption alignnone\"><img loading=\"lazy\" decoding=\"async\" aria-describedby=\"caption-attachment-866\" class=\"wp-image-866 size-full\" src=\"http:\/\/apostrofa.eu\/wp-content\/uploads\/2023\/09\/IMG_20230911_172429_resized_20230917_101437717.jpg\" alt=\"\" width=\"1984\" height=\"1488\" srcset=\"https:\/\/apostrofa.eu\/wp-content\/uploads\/2023\/09\/IMG_20230911_172429_resized_20230917_101437717.jpg 1984w, https:\/\/apostrofa.eu\/wp-content\/uploads\/2023\/09\/IMG_20230911_172429_resized_20230917_101437717-300x225.jpg 300w, https:\/\/apostrofa.eu\/wp-content\/uploads\/2023\/09\/IMG_20230911_172429_resized_20230917_101437717-768x576.jpg 768w, https:\/\/apostrofa.eu\/wp-content\/uploads\/2023\/09\/IMG_20230911_172429_resized_20230917_101437717-1024x768.jpg 1024w\" sizes=\"auto, (max-width: 1984px) 100vw, 1984px\" \/><p id=\"caption-attachment-866\" class=\"wp-caption-text\">Witamy w naszym gronie now\u0105 kole\u017cank\u0119, Alicj\u0119 Chlebick\u0105 (w \u015brodku)- fot. A . Lubos<\/p><\/div>\n<div id=\"attachment_869\" style=\"width: 1498px\" class=\"wp-caption alignright\"><img loading=\"lazy\" decoding=\"async\" aria-describedby=\"caption-attachment-869\" class=\"wp-image-869 size-full\" src=\"http:\/\/apostrofa.eu\/wp-content\/uploads\/2023\/09\/IMG_20230911_183356_resized_20230917_112442832.jpg\" alt=\"\" width=\"1488\" height=\"1984\" srcset=\"https:\/\/apostrofa.eu\/wp-content\/uploads\/2023\/09\/IMG_20230911_183356_resized_20230917_112442832.jpg 1488w, https:\/\/apostrofa.eu\/wp-content\/uploads\/2023\/09\/IMG_20230911_183356_resized_20230917_112442832-225x300.jpg 225w, https:\/\/apostrofa.eu\/wp-content\/uploads\/2023\/09\/IMG_20230911_183356_resized_20230917_112442832-768x1024.jpg 768w\" sizes=\"auto, (max-width: 1488px) 100vw, 1488px\" \/><p id=\"caption-attachment-869\" class=\"wp-caption-text\">Janusz Joniec czyta\u0142 wiersze ze swojego najnowszego tomiku zatytu\u0142owanego \u201eBramy zadumy i nostalgii\u201d. (fot. A. Lubos)<\/p><\/div>\n<p>&nbsp;<\/p>\n","protected":false},"excerpt":{"rendered":"<p>Na wrze\u015bniowym spotkaniu grupa literacka \u201eApostrofa\u201d szykowa\u0142a si\u0119 do promocji najnowszej ksi\u0105\u017cki poetyckiej. Ju\u017c 28.09.2023 o godzinie 17.00 w \u201eKsi\u0105\u017cnicy Beskidzkiej\u201d b\u0119dzie mo\u017cna zapozna\u0107 si\u0119 z tomikiem pt. \u201ePrzypowie\u015b\u0107 o czasie\u201d. Serdecznie zapraszamy! Tymczasem wydajemy indywidualne publikacje. Janusz Joniec wyda\u0142 &hellip; <a href=\"https:\/\/apostrofa.eu\/?p=862\">Czytaj dalej <span class=\"meta-nav\">&rarr;<\/span><\/a><\/p>\n","protected":false},"author":1,"featured_media":0,"comment_status":"open","ping_status":"open","sticky":false,"template":"","format":"standard","meta":{"footnotes":""},"categories":[1],"tags":[26,27,24,25],"class_list":["post-862","post","type-post","status-publish","format-standard","hentry","category-non-classe","tag-nostalgia","tag-nowe-publikacje","tag-poezja","tag-tomik"],"_links":{"self":[{"href":"https:\/\/apostrofa.eu\/index.php?rest_route=\/wp\/v2\/posts\/862","targetHints":{"allow":["GET"]}}],"collection":[{"href":"https:\/\/apostrofa.eu\/index.php?rest_route=\/wp\/v2\/posts"}],"about":[{"href":"https:\/\/apostrofa.eu\/index.php?rest_route=\/wp\/v2\/types\/post"}],"author":[{"embeddable":true,"href":"https:\/\/apostrofa.eu\/index.php?rest_route=\/wp\/v2\/users\/1"}],"replies":[{"embeddable":true,"href":"https:\/\/apostrofa.eu\/index.php?rest_route=%2Fwp%2Fv2%2Fcomments&post=862"}],"version-history":[{"count":6,"href":"https:\/\/apostrofa.eu\/index.php?rest_route=\/wp\/v2\/posts\/862\/revisions"}],"predecessor-version":[{"id":980,"href":"https:\/\/apostrofa.eu\/index.php?rest_route=\/wp\/v2\/posts\/862\/revisions\/980"}],"wp:attachment":[{"href":"https:\/\/apostrofa.eu\/index.php?rest_route=%2Fwp%2Fv2%2Fmedia&parent=862"}],"wp:term":[{"taxonomy":"category","embeddable":true,"href":"https:\/\/apostrofa.eu\/index.php?rest_route=%2Fwp%2Fv2%2Fcategories&post=862"},{"taxonomy":"post_tag","embeddable":true,"href":"https:\/\/apostrofa.eu\/index.php?rest_route=%2Fwp%2Fv2%2Ftags&post=862"}],"curies":[{"name":"wp","href":"https:\/\/api.w.org\/{rel}","templated":true}]}}