{"id":536,"date":"2020-10-17T17:21:15","date_gmt":"2020-10-17T15:21:15","guid":{"rendered":"http:\/\/apostrofa.eu\/?p=536"},"modified":"2020-10-17T17:57:33","modified_gmt":"2020-10-17T15:57:33","slug":"pazdzierniowe-spotkanie-apostrofy","status":"publish","type":"post","link":"https:\/\/apostrofa.eu\/?p=536","title":{"rendered":"Pa\u017adzierniowe spotkanie Apostrofy"},"content":{"rendered":"<p>12 pa\u017adziernika w klimatycznym Klubie Nauczyciela w Bielsku-Bia\u0142ej odby\u0142o si\u0119 jesienne spotkanie Apostrofy. Mimo deszczowej aury i nowych obostrze\u0144 kilka poetek i przyjaci\u00f3\u0142 Apostrofy dzieli\u0142o si\u0119 swoimi przemy\u015bleniami, poezj\u0105 oraz sukcesami.<\/p>\n<p>Motywem przewodnim tego spotkania by\u0142o nasze miasto Bielsko-Bia\u0142a.<\/p>\n<p><strong><span style=\"color: #993366;\">Krystyna Krzy\u017canowska-Nastulczyk<\/span><\/strong><br \/>\n<strong><span style=\"color: #993366;\">&#8222;cie\u0144 pod drzewem&#8221;<\/span><\/strong><\/p>\n<p><span style=\"color: #993366;\">okno w kt\u00f3rym stoj\u0119 nieosi\u0105galne i obce<\/span><br \/>\n<span style=\"color: #993366;\">sta\u0142o si\u0119 bliskie i dost\u0119pne<\/span><br \/>\n<span style=\"color: #993366;\">w samym \u015brodku jesieni<\/span><br \/>\n<span style=\"color: #993366;\">przed zamkni\u0119tym kinem Apollo <\/span><br \/>\n<span style=\"color: #993366;\">k\u0142\u0119bi\u0105 si\u0119 cienie ulatuj\u0105 ostatnie poca\u0142unki<\/span><br \/>\n<span style=\"color: #993366;\">sko\u0144czy\u0142 si\u0119 czarnobia\u0142y film<\/span><br \/>\n<span style=\"color: #993366;\">przez tory przemykaj\u0105 ostatnie poci\u0105gi<\/span><br \/>\n<span style=\"color: #993366;\">jestem zgubiona<\/span><br \/>\n<span style=\"color: #993366;\">patrz\u0119 i zapominam o patrzeniu<\/span><br \/>\n<span style=\"color: #993366;\">przesz\u0142o\u015b\u0107 jest pe\u0142na cieni i zamkni\u0119tych drzwi<\/span><br \/>\n<span style=\"color: #993366;\">co zobaczy\u0142am<\/span><br \/>\n<span style=\"color: #993366;\">co chcia\u0142am zobaczy\u0107<\/span><br \/>\n<span style=\"color: #993366;\">co widz\u0105 \u015blepcy id\u0105cy ulic\u0105 wpatrzeni w bruk<\/span><\/p>\n<p><span style=\"color: #993366;\">wgryzam si\u0119 w \u017cycie jak w jab\u0142ko<\/span><br \/>\n<span style=\"color: #993366;\">prze\u017cyli\u015bmy zagmatwane wydarzenia<\/span><br \/>\n<span style=\"color: #993366;\">i mia\u017cd\u017c\u0105ce chwile<\/span><br \/>\n<span style=\"color: #993366;\">teraz odp\u0142yn\u0119\u0142y w nieokre\u015blon\u0105 samotni\u0119<\/span><br \/>\n<span style=\"color: #993366;\">je\u017celi nie ja to kto<\/span><br \/>\n<span style=\"color: #993366;\">wsi\u0105knie w ten cie\u0144 pod drzewem jab\u0142oni<\/span><\/p>\n<p><strong><span style=\"color: #000080;\">Ma\u0142gorzata Pomorska<\/span><\/strong><br \/>\n<strong><span style=\"color: #000080;\">(My\u015bli o Bielsku)<\/span><\/strong><\/p>\n<p><span style=\"color: #000080;\">Przechodzi\u0142am przez mostek na Bia\u0142ce. <\/span><br \/>\n<span style=\"color: #000080;\">Po\u0142\u0105czy\u0142am dwa miasta Bielsko i Bia\u0142\u0105 jak dwie bratnie dusze. <\/span><br \/>\n<span style=\"color: #000080;\">Nasun\u0119\u0142a si\u0119 my\u015bl. <\/span><br \/>\n<span style=\"color: #000080;\">Jak wiele dzisiaj jest rzeczy, kt\u00f3re dziel\u0105, a jak ma\u0142o tych, kt\u00f3re \u0142\u0105cz\u0105 w ten trudny czas pandemii. <\/span><br \/>\n<span style=\"color: #000080;\">Wiele kwiat\u00f3w i most \u0142\u0105cz\u0105cy Bielsko z Bia\u0142\u0105 to mi\u0142e akcenty naszego miasta.<\/span><\/p>\n<p><strong><span style=\"color: #008000;\">Lidia Boba<\/span><\/strong><br \/>\n<strong><span style=\"color: #008000;\">&#8222;Po prostu Bielsko&#8221;<\/span><\/strong><\/p>\n<p><span style=\"color: #008000;\">Bielsko-Bia\u0142a- jak serce<\/span><br \/>\n<span style=\"color: #008000;\">z dw\u00f3ch cz\u0119\u015bci si\u0119 sk\u0142ada<\/span><br \/>\n<span style=\"color: #008000;\">ka\u017cda z nich otwiera<\/span><br \/>\n<span style=\"color: #008000;\">bram\u0119 do innych<\/span><br \/>\n<span style=\"color: #008000;\">przestrzeni<\/span><br \/>\n<span style=\"color: #008000;\">utkane z kolor\u00f3w zieleni<\/span><br \/>\n<span style=\"color: #008000;\">zatopione w ogrodach<\/span><br \/>\n<span style=\"color: #008000;\">i parkach<\/span><br \/>\n<span style=\"color: #008000;\">ciche nieco u\u015bpione<\/span><br \/>\n<span style=\"color: #008000;\">skrywa swe tajemnice<\/span><br \/>\n<span style=\"color: #008000;\">na wzg\u00f3rzu na kt\u00f3rym<\/span><br \/>\n<span style=\"color: #008000;\">zamek Su\u0142kowskich si\u0119 wznosi<\/span><br \/>\n<span style=\"color: #008000;\">wraz z pami\u0119ci\u0105 o latach \u015bwietno\u015bci<\/span><br \/>\n<span style=\"color: #008000;\">zabytkowych kamienic i synagogi<\/span><br \/>\n<span style=\"color: #008000;\">ka\u017cdy kto Bielsko odwiedzi<\/span><br \/>\n<span style=\"color: #008000;\">zachwyca si\u0119 jego urokiem<\/span><br \/>\n<span style=\"color: #008000;\">co jak per\u0142a ukryty jest<\/span><br \/>\n<span style=\"color: #008000;\">po\u015br\u00f3d g\u00f3rg Beskidu<\/span><br \/>\n<span style=\"color: #008000;\">tu krzy\u017cuj\u0105 si\u0119 szlaki w\u0119drowne<\/span><br \/>\n<span style=\"color: #008000;\">i polne dr\u00f3\u017cki wiod\u0105ce<\/span><br \/>\n<span style=\"color: #008000;\">przez Cyga\u0144ski Las<\/span><br \/>\n<span style=\"color: #008000;\">i dalej na D\u0119bowiec<\/span><br \/>\n<span style=\"color: #008000;\">gdzie Matka Boska Fatimska<\/span><br \/>\n<span style=\"color: #008000;\">ma swoj\u0105 przysta\u0144<\/span><\/p>\n<p><strong><span style=\"color: #993300;\">Agnieszka Lubos<\/span><\/strong><br \/>\n<strong><span style=\"color: #993300;\">&#8222;bielskie ptaki&#8221;<\/span><\/strong><\/p>\n<p><span style=\"color: #993300;\">biedne pogubione ptaki<\/span><br \/>\n<span style=\"color: #993300;\">na bezkresie miejskiego nieba<\/span><br \/>\n<span style=\"color: #993300;\">jak nasze szcz\u0119\u015bliwe chwile<\/span><br \/>\n<span style=\"color: #993300;\">niepoliczone<\/span><br \/>\n<span style=\"color: #993300;\">nie do ko\u0144ca prze\u017cyte<\/span><\/p>\n<p><strong><span style=\"color: #808080;\">Barbara Beliczy\u0144ska<\/span><\/strong><br \/>\n<strong><span style=\"color: #808080;\">&#8222;Beskidy&#8221;<\/span><\/strong><\/p>\n<p><span style=\"color: #808080;\">Pi\u0119kne o ka\u017cdej<\/span><br \/>\n<span style=\"color: #808080;\">porze roku<\/span><br \/>\n<span style=\"color: #808080;\">zmieniaj\u0105ce ci\u0105gle<\/span><br \/>\n<span style=\"color: #808080;\">barwy<\/span><br \/>\n<span style=\"color: #808080;\">raz w jasn\u0105 ziele\u0144<\/span><br \/>\n<span style=\"color: #808080;\">si\u0119 stroj\u0105<\/span><br \/>\n<span style=\"color: #808080;\">p\u00f3\u017aniej przybieraj\u0105<\/span><br \/>\n<span style=\"color: #808080;\">kolor z\u0142osistobrunatny<\/span><br \/>\n<span style=\"color: #808080;\">a\u017c nagle nas witaj\u0105<\/span><br \/>\n<span style=\"color: #808080;\">ca\u0142e w bia\u0142ej szacie<\/span><br \/>\n<span style=\"color: #808080;\">zim\u0119 zapowiadaj\u0105<\/span><br \/>\n<span style=\"color: #808080;\">i narciarskie harce.<\/span><\/p>\n<p><span style=\"color: #808080;\">Szum wiatru, szemrz\u0105ce<\/span><br \/>\n<span style=\"color: #808080;\">strumyki<\/span><br \/>\n<span style=\"color: #808080;\">\u0142agodz\u0105 nastroje<\/span><br \/>\n<span style=\"color: #808080;\">dodaj\u0105 w\u0119drowcom<\/span><br \/>\n<span style=\"color: #808080;\">fizycznej si\u0142y.<\/span><br \/>\n<span style=\"color: #808080;\">Beskidy &#8211; nasze g\u00f3ry-<\/span><br \/>\n<span style=\"color: #808080;\">stra\u017cnicy bram miasta<\/span><br \/>\n<span style=\"color: #808080;\">dziel\u0105 si\u0119swym bogactwem<\/span><br \/>\n<span style=\"color: #808080;\">zapraszaj\u0105 wszystkich<\/span><br \/>\n<span style=\"color: #808080;\">do ich podziwiania.<\/span><\/p>\n<p>Poetki na tle wystawy swoich prac:<\/p>\n<p><img loading=\"lazy\" decoding=\"async\" class=\"size-full wp-image-547\" src=\"http:\/\/apostrofa.eu\/wp-content\/uploads\/2020\/10\/PA120011aa.jpg\" alt=\"\" width=\"2394\" height=\"2785\" srcset=\"https:\/\/apostrofa.eu\/wp-content\/uploads\/2020\/10\/PA120011aa.jpg 2394w, https:\/\/apostrofa.eu\/wp-content\/uploads\/2020\/10\/PA120011aa-258x300.jpg 258w, https:\/\/apostrofa.eu\/wp-content\/uploads\/2020\/10\/PA120011aa-768x893.jpg 768w, https:\/\/apostrofa.eu\/wp-content\/uploads\/2020\/10\/PA120011aa-880x1024.jpg 880w\" sizes=\"auto, (max-width: 2394px) 100vw, 2394px\" \/><\/p>\n<p><img loading=\"lazy\" decoding=\"async\" class=\"size-full wp-image-548\" src=\"http:\/\/apostrofa.eu\/wp-content\/uploads\/2020\/10\/PA120013bb.jpg\" alt=\"\" width=\"2304\" height=\"1537\" srcset=\"https:\/\/apostrofa.eu\/wp-content\/uploads\/2020\/10\/PA120013bb.jpg 2304w, https:\/\/apostrofa.eu\/wp-content\/uploads\/2020\/10\/PA120013bb-300x200.jpg 300w, https:\/\/apostrofa.eu\/wp-content\/uploads\/2020\/10\/PA120013bb-768x512.jpg 768w, https:\/\/apostrofa.eu\/wp-content\/uploads\/2020\/10\/PA120013bb-1024x683.jpg 1024w\" sizes=\"auto, (max-width: 2304px) 100vw, 2304px\" \/><\/p>\n<p>Kilka nastrojowych fotografii jesieni autrostwa Krystyny Krzy\u017canowkiej-Nastulczyk:<\/p>\n<p><img loading=\"lazy\" decoding=\"async\" class=\" wp-image-546\" src=\"http:\/\/apostrofa.eu\/wp-content\/uploads\/2020\/10\/PB070043.jpg\" alt=\"\" width=\"630\" height=\"840\" \/><\/p>\n<p><img loading=\"lazy\" decoding=\"async\" class=\"alignnone size-full wp-image-543\" src=\"http:\/\/apostrofa.eu\/wp-content\/uploads\/2020\/10\/DSCN2590.jpg\" alt=\"\" width=\"4000\" height=\"3000\" srcset=\"https:\/\/apostrofa.eu\/wp-content\/uploads\/2020\/10\/DSCN2590.jpg 4000w, https:\/\/apostrofa.eu\/wp-content\/uploads\/2020\/10\/DSCN2590-300x225.jpg 300w, https:\/\/apostrofa.eu\/wp-content\/uploads\/2020\/10\/DSCN2590-768x576.jpg 768w, https:\/\/apostrofa.eu\/wp-content\/uploads\/2020\/10\/DSCN2590-1024x768.jpg 1024w\" sizes=\"auto, (max-width: 4000px) 100vw, 4000px\" \/><\/p>\n<p><img loading=\"lazy\" decoding=\"async\" class=\"size-full wp-image-544\" src=\"http:\/\/apostrofa.eu\/wp-content\/uploads\/2020\/10\/PA180067.jpg\" alt=\"\" width=\"3200\" height=\"2400\" srcset=\"https:\/\/apostrofa.eu\/wp-content\/uploads\/2020\/10\/PA180067.jpg 3200w, https:\/\/apostrofa.eu\/wp-content\/uploads\/2020\/10\/PA180067-300x225.jpg 300w, https:\/\/apostrofa.eu\/wp-content\/uploads\/2020\/10\/PA180067-768x576.jpg 768w, https:\/\/apostrofa.eu\/wp-content\/uploads\/2020\/10\/PA180067-1024x768.jpg 1024w\" sizes=\"auto, (max-width: 3200px) 100vw, 3200px\" \/><\/p>\n<p>Szczeg\u00f3lne gratulacje nale\u017c\u0105 si\u0119 Ma\u0142gorzacie Pomorskiej za wyr\u00f3\u017cnienie w konkursie artystycznym &#8222;Senior &#8211; aktywny mimo wszystko &#8211; czas pandemii&#8221; w kategorii WIERSZ LUB PROZA POETYCKA.<\/p>\n<p><img loading=\"lazy\" decoding=\"async\" class=\"alignnone size-full wp-image-549\" src=\"http:\/\/apostrofa.eu\/wp-content\/uploads\/2020\/10\/dyplom-Ma\u0142gosi-1.jpg\" alt=\"\" width=\"749\" height=\"1000\" srcset=\"https:\/\/apostrofa.eu\/wp-content\/uploads\/2020\/10\/dyplom-Ma\u0142gosi-1.jpg 749w, https:\/\/apostrofa.eu\/wp-content\/uploads\/2020\/10\/dyplom-Ma\u0142gosi-1-225x300.jpg 225w\" sizes=\"auto, (max-width: 749px) 100vw, 749px\" \/><\/p>\n","protected":false},"excerpt":{"rendered":"<p>12 pa\u017adziernika w klimatycznym Klubie Nauczyciela w Bielsku-Bia\u0142ej odby\u0142o si\u0119 jesienne spotkanie Apostrofy. Mimo deszczowej aury i nowych obostrze\u0144 kilka poetek i przyjaci\u00f3\u0142 Apostrofy dzieli\u0142o si\u0119 swoimi przemy\u015bleniami, poezj\u0105 oraz sukcesami. Motywem przewodnim tego spotkania by\u0142o nasze miasto Bielsko-Bia\u0142a. Krystyna &hellip; <a href=\"https:\/\/apostrofa.eu\/?p=536\">Czytaj dalej <span class=\"meta-nav\">&rarr;<\/span><\/a><\/p>\n","protected":false},"author":1,"featured_media":0,"comment_status":"open","ping_status":"open","sticky":false,"template":"","format":"standard","meta":{"footnotes":""},"categories":[2,9],"tags":[],"class_list":["post-536","post","type-post","status-publish","format-standard","hentry","category-spotkania-klubowe-zdjecia","category-sukcesy"],"_links":{"self":[{"href":"https:\/\/apostrofa.eu\/index.php?rest_route=\/wp\/v2\/posts\/536","targetHints":{"allow":["GET"]}}],"collection":[{"href":"https:\/\/apostrofa.eu\/index.php?rest_route=\/wp\/v2\/posts"}],"about":[{"href":"https:\/\/apostrofa.eu\/index.php?rest_route=\/wp\/v2\/types\/post"}],"author":[{"embeddable":true,"href":"https:\/\/apostrofa.eu\/index.php?rest_route=\/wp\/v2\/users\/1"}],"replies":[{"embeddable":true,"href":"https:\/\/apostrofa.eu\/index.php?rest_route=%2Fwp%2Fv2%2Fcomments&post=536"}],"version-history":[{"count":3,"href":"https:\/\/apostrofa.eu\/index.php?rest_route=\/wp\/v2\/posts\/536\/revisions"}],"predecessor-version":[{"id":552,"href":"https:\/\/apostrofa.eu\/index.php?rest_route=\/wp\/v2\/posts\/536\/revisions\/552"}],"wp:attachment":[{"href":"https:\/\/apostrofa.eu\/index.php?rest_route=%2Fwp%2Fv2%2Fmedia&parent=536"}],"wp:term":[{"taxonomy":"category","embeddable":true,"href":"https:\/\/apostrofa.eu\/index.php?rest_route=%2Fwp%2Fv2%2Fcategories&post=536"},{"taxonomy":"post_tag","embeddable":true,"href":"https:\/\/apostrofa.eu\/index.php?rest_route=%2Fwp%2Fv2%2Ftags&post=536"}],"curies":[{"name":"wp","href":"https:\/\/api.w.org\/{rel}","templated":true}]}}