{"id":1448,"date":"2026-04-27T09:22:26","date_gmt":"2026-04-27T07:22:26","guid":{"rendered":"https:\/\/apostrofa.eu\/?p=1448"},"modified":"2026-04-27T09:22:26","modified_gmt":"2026-04-27T07:22:26","slug":"jestem-wsrod-zieleni","status":"publish","type":"post","link":"https:\/\/apostrofa.eu\/?p=1448","title":{"rendered":"Jestem w\u015br\u00f3d zieleni"},"content":{"rendered":"<p>Wspania\u0142e i niezwykle udane spotkanie z Barbar\u0105 Beliczy\u0144sk\u0105, wieloletni\u0105 cz\u0142onkini\u0105 i filarem Grupy Literackiej Apostrofa odby\u0142o si\u0119 w pi\u0105tek 17 kwietnia 2026 r. w Preisner\u00f3wce.Tradycyjnie po spotkaniu odby\u0142o si\u0119 czytanie wierszy w ramach \u201e otwartego mikrofonu\u201d. Za oknem zamek i kwitn\u0105ce tulipany. Wiosna!<\/p>\n<p>Barbara Beliczy\u0144ska jest osob\u0105 niezwykle wra\u017cliw\u0105, kocha przyrod\u0119, w swoich wysublimowanych i nieoczywistych wierszach pisze o ludziach i zmieniaj\u0105cej si\u0119 rzeczywisto\u015bci. Poniewa\u017c nie tylko m\u0142odzi tw\u00f3rcy s\u0105 g\u0142osem wsp\u00f3\u0142czesnej poezji &#8211; jak uwa\u017caj\u0105 niekt\u00f3rzy &#8211; ale tak\u017ce poetki i poeci starszego pokolenia ze swoim bogatym do\u015bwiadczeniem i \u017cyciow\u0105 m\u0105dro\u015bci\u0105, cz\u0119sto zagubieni w chaosie technologicznych przemian, kulcie m\u0142odo\u015bci. Dlatego oni te\u017c powinni mie\u0107 swoje miejsce w przestrzeni kulturalnej Bielska- Bia\u0142ej.<\/p>\n<p>Po spotkaniu swoje wiersze czytali: Ma\u0142gorzata Pomorska, Krystyna Krzy\u017canowska- Nastulczyk,\u00a0 Paulina Tomaszewska, Franciszek Nastulczyk.<\/p>\n<p>Wiecz\u00f3r u\u015bwietni\u0142a muzyk\u0105 Ma\u0142gorzata Pomorska.<\/p>\n<p>Prowadzenie ca\u0142o\u015bci: Krystyna Krzy\u017canowska-Nastulczyk.<\/p>\n<p>Foto: Franciszek Nastulczyk , Dariusz Czupryna<\/p>\n<p>&nbsp;<\/p>\n<p>Barbara Beliczy\u0144ska<\/p>\n<p><strong>Uniesienie<\/strong><\/p>\n<p>Jestem w\u015br\u00f3d zieleni<\/p>\n<p>nad brzegiem wody<\/p>\n<p>w kolorze nieba<\/p>\n<p>migoc\u0105cej srebrem<\/p>\n<p>z\u0142otem<\/p>\n<p>szumi\u0105c\u0105 t\u0119sknot\u0105<\/p>\n<p>melodi\u0105 istnienia<\/p>\n<p>jestem w\u015br\u00f3d \u0142\u0105k<\/p>\n<p>pe\u0142nych barwnych kwiat\u00f3w<\/p>\n<p>otulona zapachem<\/p>\n<p>powiewem wiatru<\/p>\n<p>ws\u0142uchana w rozmow\u0119<\/p>\n<p>drzew i \u015bpiew ptak\u00f3w<\/p>\n<p>dotykiem s\u0142o\u0144ca wzmocniona<\/p>\n<p>czuj\u0119 si\u0119 wolna, lekka<\/p>\n<p>Jestem bli\u017cej nieba<\/p>\n<p><strong>\u00a0Chwila zadumy<\/strong><\/p>\n<p>Jeden b\u0142ysk oka<\/p>\n<p>rozmarzone spojrzenie<\/p>\n<p>twarz pe\u0142na zadumy<\/p>\n<p>sp\u0142ywaj\u0105ca \u0142za<\/p>\n<p>nie wiem\u2026<\/p>\n<p>Czy to wielka mi\u0142o\u015b\u0107<\/p>\n<p>rado\u015b\u0107, smutek<\/p>\n<p>czy tylko wspomnienie<\/p>\n<p>wracaj\u0105ce w snach?<\/p>\n<p>&nbsp;<\/p>\n<p><img loading=\"lazy\" decoding=\"async\" class=\"alignnone size-medium wp-image-1449\" src=\"http:\/\/apostrofa.eu\/wp-content\/uploads\/2026\/04\/20260417_170811-225x300.jpg\" alt=\"\" width=\"225\" height=\"300\" srcset=\"https:\/\/apostrofa.eu\/wp-content\/uploads\/2026\/04\/20260417_170811-225x300.jpg 225w, https:\/\/apostrofa.eu\/wp-content\/uploads\/2026\/04\/20260417_170811-768x1024.jpg 768w, https:\/\/apostrofa.eu\/wp-content\/uploads\/2026\/04\/20260417_170811-1152x1536.jpg 1152w, https:\/\/apostrofa.eu\/wp-content\/uploads\/2026\/04\/20260417_170811-1536x2048.jpg 1536w, https:\/\/apostrofa.eu\/wp-content\/uploads\/2026\/04\/20260417_170811-scaled.jpg 1920w\" sizes=\"auto, (max-width: 225px) 100vw, 225px\" \/> <img loading=\"lazy\" decoding=\"async\" class=\"alignnone size-medium wp-image-1450\" src=\"http:\/\/apostrofa.eu\/wp-content\/uploads\/2026\/04\/dobre-zdecie-dodac-227x300.jpg\" alt=\"\" width=\"227\" height=\"300\" srcset=\"https:\/\/apostrofa.eu\/wp-content\/uploads\/2026\/04\/dobre-zdecie-dodac-227x300.jpg 227w, https:\/\/apostrofa.eu\/wp-content\/uploads\/2026\/04\/dobre-zdecie-dodac-774x1024.jpg 774w, https:\/\/apostrofa.eu\/wp-content\/uploads\/2026\/04\/dobre-zdecie-dodac-768x1016.jpg 768w, https:\/\/apostrofa.eu\/wp-content\/uploads\/2026\/04\/dobre-zdecie-dodac-1161x1536.jpg 1161w, https:\/\/apostrofa.eu\/wp-content\/uploads\/2026\/04\/dobre-zdecie-dodac-1548x2048.jpg 1548w, https:\/\/apostrofa.eu\/wp-content\/uploads\/2026\/04\/dobre-zdecie-dodac-scaled.jpg 1935w\" sizes=\"auto, (max-width: 227px) 100vw, 227px\" \/> <img loading=\"lazy\" decoding=\"async\" class=\"alignnone size-medium wp-image-1451\" src=\"http:\/\/apostrofa.eu\/wp-content\/uploads\/2026\/04\/IMG_20260417_170702-300x225.jpg\" alt=\"\" width=\"300\" height=\"225\" srcset=\"https:\/\/apostrofa.eu\/wp-content\/uploads\/2026\/04\/IMG_20260417_170702-300x225.jpg 300w, https:\/\/apostrofa.eu\/wp-content\/uploads\/2026\/04\/IMG_20260417_170702-1024x768.jpg 1024w, https:\/\/apostrofa.eu\/wp-content\/uploads\/2026\/04\/IMG_20260417_170702-768x576.jpg 768w, https:\/\/apostrofa.eu\/wp-content\/uploads\/2026\/04\/IMG_20260417_170702-1536x1152.jpg 1536w, https:\/\/apostrofa.eu\/wp-content\/uploads\/2026\/04\/IMG_20260417_170702-2048x1536.jpg 2048w\" sizes=\"auto, (max-width: 300px) 100vw, 300px\" \/> <img loading=\"lazy\" decoding=\"async\" class=\"alignnone size-medium wp-image-1452\" src=\"http:\/\/apostrofa.eu\/wp-content\/uploads\/2026\/04\/IMG_20260417_175916-300x225.jpg\" alt=\"\" width=\"300\" height=\"225\" srcset=\"https:\/\/apostrofa.eu\/wp-content\/uploads\/2026\/04\/IMG_20260417_175916-300x225.jpg 300w, https:\/\/apostrofa.eu\/wp-content\/uploads\/2026\/04\/IMG_20260417_175916-1024x768.jpg 1024w, https:\/\/apostrofa.eu\/wp-content\/uploads\/2026\/04\/IMG_20260417_175916-768x576.jpg 768w, https:\/\/apostrofa.eu\/wp-content\/uploads\/2026\/04\/IMG_20260417_175916-1536x1152.jpg 1536w, https:\/\/apostrofa.eu\/wp-content\/uploads\/2026\/04\/IMG_20260417_175916-2048x1536.jpg 2048w\" sizes=\"auto, (max-width: 300px) 100vw, 300px\" \/><img loading=\"lazy\" decoding=\"async\" class=\"alignnone size-medium wp-image-1453\" src=\"http:\/\/apostrofa.eu\/wp-content\/uploads\/2026\/04\/4-212x300.png\" alt=\"\" width=\"212\" height=\"300\" srcset=\"https:\/\/apostrofa.eu\/wp-content\/uploads\/2026\/04\/4-212x300.png 212w, https:\/\/apostrofa.eu\/wp-content\/uploads\/2026\/04\/4-724x1024.png 724w, https:\/\/apostrofa.eu\/wp-content\/uploads\/2026\/04\/4-768x1086.png 768w, https:\/\/apostrofa.eu\/wp-content\/uploads\/2026\/04\/4-1086x1536.png 1086w, https:\/\/apostrofa.eu\/wp-content\/uploads\/2026\/04\/4-1448x2048.png 1448w, https:\/\/apostrofa.eu\/wp-content\/uploads\/2026\/04\/4.png 1587w\" sizes=\"auto, (max-width: 212px) 100vw, 212px\" \/><\/p>\n<p>&nbsp;<\/p>\n","protected":false},"excerpt":{"rendered":"<p>Wspania\u0142e i niezwykle udane spotkanie z Barbar\u0105 Beliczy\u0144sk\u0105, wieloletni\u0105 cz\u0142onkini\u0105 i filarem Grupy Literackiej Apostrofa odby\u0142o si\u0119 w pi\u0105tek 17 kwietnia 2026 r. w Preisner\u00f3wce.Tradycyjnie po spotkaniu odby\u0142o si\u0119 czytanie wierszy w ramach \u201e otwartego mikrofonu\u201d. Za oknem zamek i &hellip; <a href=\"https:\/\/apostrofa.eu\/?p=1448\">Czytaj dalej <span class=\"meta-nav\">&rarr;<\/span><\/a><\/p>\n","protected":false},"author":1,"featured_media":0,"comment_status":"open","ping_status":"open","sticky":false,"template":"","format":"standard","meta":{"footnotes":""},"categories":[1],"tags":[],"class_list":["post-1448","post","type-post","status-publish","format-standard","hentry","category-non-classe"],"_links":{"self":[{"href":"https:\/\/apostrofa.eu\/index.php?rest_route=\/wp\/v2\/posts\/1448","targetHints":{"allow":["GET"]}}],"collection":[{"href":"https:\/\/apostrofa.eu\/index.php?rest_route=\/wp\/v2\/posts"}],"about":[{"href":"https:\/\/apostrofa.eu\/index.php?rest_route=\/wp\/v2\/types\/post"}],"author":[{"embeddable":true,"href":"https:\/\/apostrofa.eu\/index.php?rest_route=\/wp\/v2\/users\/1"}],"replies":[{"embeddable":true,"href":"https:\/\/apostrofa.eu\/index.php?rest_route=%2Fwp%2Fv2%2Fcomments&post=1448"}],"version-history":[{"count":1,"href":"https:\/\/apostrofa.eu\/index.php?rest_route=\/wp\/v2\/posts\/1448\/revisions"}],"predecessor-version":[{"id":1454,"href":"https:\/\/apostrofa.eu\/index.php?rest_route=\/wp\/v2\/posts\/1448\/revisions\/1454"}],"wp:attachment":[{"href":"https:\/\/apostrofa.eu\/index.php?rest_route=%2Fwp%2Fv2%2Fmedia&parent=1448"}],"wp:term":[{"taxonomy":"category","embeddable":true,"href":"https:\/\/apostrofa.eu\/index.php?rest_route=%2Fwp%2Fv2%2Fcategories&post=1448"},{"taxonomy":"post_tag","embeddable":true,"href":"https:\/\/apostrofa.eu\/index.php?rest_route=%2Fwp%2Fv2%2Ftags&post=1448"}],"curies":[{"name":"wp","href":"https:\/\/api.w.org\/{rel}","templated":true}]}}